{"id":18188,"date":"2023-05-22T10:11:37","date_gmt":"2023-05-22T10:11:37","guid":{"rendered":"https:\/\/sporteam.zambrow.pl\/?p=18188"},"modified":"2023-05-22T10:11:37","modified_gmt":"2023-05-22T10:11:37","slug":"wyniki-wyscigow-rowerowych-w-szumowie","status":"publish","type":"post","link":"https:\/\/sporteam.zambrow.pl\/?p=18188","title":{"rendered":"Wyniki wy\u015bcig\u00f3w rowerowych w Szumowie"},"content":{"rendered":"\n<p>Przedstawiamy wyniki  wy\u015bcig\u00f3w rowerowych o Puchar W\u00f3jta Gminy Szumowo, kt\u00f3re odby\u0142y si\u0119 21 maja 2023 roku.<\/p>\n\n\n\n<p class=\"has-text-color has-medium-font-size\" style=\"color:#2133d1\"><strong>Przedszkolaki<\/strong> &#8211; 13 uczestnik\u00f3w, wszystkie dzieci zosta\u0142y nagrodzone medalami.<\/p>\n\n\n\n<p class=\"has-text-color has-medium-font-size\" style=\"color:#2133d1\"><strong>Rocznik 2015 &#8211; 2016<\/strong> (7 uczestnik\u00f3w)<\/p>\n\n\n\n<ol class=\"wp-block-list\">\n<li>Lena Broniszewska &#8211; Zar\u0119ba<\/li>\n<\/ol>\n\n\n\n<ol class=\"wp-block-list\">\n<li>Mi\u0142osz \u017bochowski<\/li>\n\n\n\n<li>Antoni Klewinowski<\/li>\n<\/ol>\n\n\n\n<p class=\"has-text-color has-medium-font-size\" style=\"color:#2133d1\"><strong>Rocznik 2013-2014<\/strong> (9 uczestnik\u00f3w)<\/p>\n\n\n\n<ol class=\"wp-block-list\">\n<li>Natalka Strzymi\u0144ska<\/li>\n<\/ol>\n\n\n\n<ol class=\"wp-block-list\">\n<li>Oskar Rzochowski<\/li>\n\n\n\n<li>Patryk Narowski<\/li>\n\n\n\n<li>Olaf \u015aledziewski<\/li>\n<\/ol>\n\n\n\n<p class=\"has-text-color has-medium-font-size\" style=\"color:#2133d1\"><strong>Rocznik 2011 &#8211; 2012 <\/strong>(7 uczestnik\u00f3w)<\/p>\n\n\n\n<ol class=\"wp-block-list\">\n<li>Gabriela Kraszewska<\/li>\n<\/ol>\n\n\n\n<ol class=\"wp-block-list\">\n<li>Hubert Giera\u0142towski<\/li>\n\n\n\n<li>Antoni Grodzki<\/li>\n\n\n\n<li>Patryk Strzymi\u0144ski<\/li>\n<\/ol>\n\n\n\n<p class=\"has-text-color has-medium-font-size\" style=\"color:#2133d1\"><strong>Rocznik 2009 &#8211; 2010<\/strong> (4 uczestnik\u00f3w)<\/p>\n\n\n\n<ol class=\"wp-block-list\">\n<li>Julia Zieli\u0144ska<\/li>\n<\/ol>\n\n\n\n<ol class=\"wp-block-list\">\n<li>Mariusz Zawistowski<\/li>\n\n\n\n<li>Liliana Bagi\u0144ska<\/li>\n\n\n\n<li>Maja G\u0142\u0119bocka<\/li>\n<\/ol>\n\n\n\n<p class=\"has-text-color has-medium-font-size\" style=\"color:#2133d1\"><strong>Kobiety<\/strong><\/p>\n\n\n\n<p>Udzia\u0142 wzi\u0119\u0142a tylko jedna osoba &#8211; <strong>Ma\u0142gorzata Szymczuk<\/strong>.<\/p>\n\n\n\n<p class=\"has-text-color has-medium-font-size\" style=\"color:#2133d1\"><strong>M\u0119\u017cczy\u017ani rocznik 1979 i m\u0142odsi<\/strong> (5 uczestnik\u00f3w)<\/p>\n\n\n\n<ol class=\"wp-block-list\">\n<li>Seweryn Kalinowski<\/li>\n\n\n\n<li>Arkadiusz Baczewski <\/li>\n\n\n\n<li>Krzysztof Fiedorowicz<\/li>\n<\/ol>\n\n\n\n<p class=\"has-text-color has-medium-font-size\" style=\"color:#2133d1\"><strong>M\u0119\u017cczy\u017ani roczniki 1963 &#8211; 1978<\/strong> (3 uczestnik\u00f3w)<\/p>\n\n\n\n<ol class=\"wp-block-list\">\n<li>Janusz Wr\u00f3bel<\/li>\n\n\n\n<li>Pawe\u0142 Dzieniszewski <\/li>\n\n\n\n<li>Marek Werpachowski<\/li>\n<\/ol>\n\n\n\n<p class=\"has-text-color has-medium-font-size\" style=\"color:#2133d1\"><strong>M\u0119\u017cczy\u017ani rocznik 1962 i starsi<\/strong> (9 uczestnik\u00f3w)<\/p>\n\n\n\n<ol class=\"wp-block-list\">\n<li>Leszek Skonieczny<\/li>\n\n\n\n<li>Andrzej Chojnowski<\/li>\n\n\n\n<li>Wojciech Banasik<\/li>\n<\/ol>\n","protected":false},"excerpt":{"rendered":"<p>Przedstawiamy wyniki wy\u015bcig\u00f3w rowerowych o Puchar W\u00f3jta Gminy Szumowo, kt\u00f3re odby\u0142y si\u0119 21 maja 2023 roku. Przedszkolaki &#8211; 13 uczestnik\u00f3w,<\/p>\n","protected":false},"author":1,"featured_media":18151,"comment_status":"closed","ping_status":"closed","sticky":false,"template":"","format":"standard","meta":{"colormag_page_layout":"default_layout","footnotes":""},"categories":[7,24],"tags":[],"class_list":["post-18188","post","type-post","status-publish","format-standard","has-post-thumbnail","hentry","category-aktualnosci","category-wyscigi-2023"],"_links":{"self":[{"href":"https:\/\/sporteam.zambrow.pl\/index.php?rest_route=\/wp\/v2\/posts\/18188","targetHints":{"allow":["GET"]}}],"collection":[{"href":"https:\/\/sporteam.zambrow.pl\/index.php?rest_route=\/wp\/v2\/posts"}],"about":[{"href":"https:\/\/sporteam.zambrow.pl\/index.php?rest_route=\/wp\/v2\/types\/post"}],"author":[{"embeddable":true,"href":"https:\/\/sporteam.zambrow.pl\/index.php?rest_route=\/wp\/v2\/users\/1"}],"replies":[{"embeddable":true,"href":"https:\/\/sporteam.zambrow.pl\/index.php?rest_route=%2Fwp%2Fv2%2Fcomments&post=18188"}],"version-history":[{"count":8,"href":"https:\/\/sporteam.zambrow.pl\/index.php?rest_route=\/wp\/v2\/posts\/18188\/revisions"}],"predecessor-version":[{"id":18196,"href":"https:\/\/sporteam.zambrow.pl\/index.php?rest_route=\/wp\/v2\/posts\/18188\/revisions\/18196"}],"wp:featuredmedia":[{"embeddable":true,"href":"https:\/\/sporteam.zambrow.pl\/index.php?rest_route=\/wp\/v2\/media\/18151"}],"wp:attachment":[{"href":"https:\/\/sporteam.zambrow.pl\/index.php?rest_route=%2Fwp%2Fv2%2Fmedia&parent=18188"}],"wp:term":[{"taxonomy":"category","embeddable":true,"href":"https:\/\/sporteam.zambrow.pl\/index.php?rest_route=%2Fwp%2Fv2%2Fcategories&post=18188"},{"taxonomy":"post_tag","embeddable":true,"href":"https:\/\/sporteam.zambrow.pl\/index.php?rest_route=%2Fwp%2Fv2%2Ftags&post=18188"}],"curies":[{"name":"wp","href":"https:\/\/api.w.org\/{rel}","templated":true}]}}