{"id":2949,"date":"2019-09-28T15:37:00","date_gmt":"2019-09-28T15:37:00","guid":{"rendered":"https:\/\/sporteam.zambrow.pl\/?p=2949"},"modified":"2023-03-31T15:44:37","modified_gmt":"2023-03-31T15:44:37","slug":"wyscigi-rowerowe-o-puchar-prezesa-sporteam","status":"publish","type":"post","link":"https:\/\/sporteam.zambrow.pl\/?p=2949","title":{"rendered":"Wy\u015bcigi rowerowe o Puchar Prezesa SPORTEAM"},"content":{"rendered":"\n<p>28 wrze\u015bnia 2019 roku na Stadionie Miejskim w Zambrowie odby\u0142y si\u0119 drugie w tym sezonie wy\u015bcigi rowerowe dzieci.<br>Wzi\u0119\u0142y w nich udzia\u0142 dzieci z rocznik\u00f3w 2006 \u2013 2011.<br>Przedstawiamy wyniki zawod\u00f3w<\/p>\n\n\n\n<p class=\"has-text-color has-medium-font-size\" style=\"color:#2133dd\"><strong>Rocznik 2011-2012<\/strong> (8 uczestnik\u00f3w):<\/p>\n\n\n\n<p class=\"has-text-color has-medium-font-size\" style=\"color:#2133dd\">Ch\u0142opcy<\/p>\n\n\n\n<ol class=\"wp-block-list\">\n<li>Aleksander Kaczy\u0144ski<\/li>\n\n\n\n<li>Cezary Trzaska<\/li>\n\n\n\n<li>Nikodem Moczarski<\/li>\n<\/ol>\n\n\n\n<p class=\"has-text-color has-medium-font-size\" style=\"color:#2133dd\">Dziewcz\u0119ta<\/p>\n\n\n\n<p>Alicja Wierzbowska<\/p>\n\n\n\n<p class=\"has-text-color has-medium-font-size\" style=\"color:#2133dd\"><strong>Rocznik 2009-2010<\/strong> (6 uczestnik\u00f3w):<\/p>\n\n\n\n<p class=\"has-text-color has-medium-font-size\" style=\"color:#2133dd\">Ch\u0142opcy<\/p>\n\n\n\n<p><strong>(decyzj\u0105 organizator\u00f3w za bardzo dobr\u0105 jazd\u0119 w tej kategorii przyznano puchar dziewczynce)<\/strong><\/p>\n\n\n\n<ol class=\"wp-block-list\">\n<li>Hubert Dru\u017cy\u0144ski<\/li>\n\n\n\n<li>Krystian Placek<\/li>\n\n\n\n<li>Magdalena Bobryk<\/li>\n<\/ol>\n\n\n\n<p class=\"has-text-color has-medium-font-size\" style=\"color:#2133dd\">Dziewcz\u0119ta<\/p>\n\n\n\n<p>Julia Zieli\u0144ska<\/p>\n\n\n\n<p class=\"has-text-color has-medium-font-size\" style=\"color:#2133dd\"><strong>Rocznik 2007-2008<\/strong> (3 uczestnik\u00f3w):<\/p>\n\n\n\n<ol class=\"wp-block-list\">\n<li>Miko\u0142aj Grodzki<\/li>\n\n\n\n<li>Jakub Krak\u00f3wka<\/li>\n\n\n\n<li>Marcin Konarzewski<\/li>\n<\/ol>\n\n\n\n<p class=\"has-text-color has-medium-font-size\" style=\"color:#2133dd\"><strong>Rocznik 2005-2006<\/strong> (1 uczestnik):<\/p>\n\n\n\n<p>Arkadiusz Konarzewski<\/p>\n","protected":false},"excerpt":{"rendered":"<p>28 wrze\u015bnia 2019 roku na Stadionie Miejskim w Zambrowie odby\u0142y si\u0119 drugie w tym sezonie wy\u015bcigi rowerowe dzieci.Wzi\u0119\u0142y w nich<\/p>\n","protected":false},"author":1,"featured_media":2997,"comment_status":"closed","ping_status":"closed","sticky":false,"template":"","format":"standard","meta":{"colormag_page_layout":"default_layout","footnotes":""},"categories":[7,17],"tags":[],"class_list":["post-2949","post","type-post","status-publish","format-standard","has-post-thumbnail","hentry","category-aktualnosci","category-wyscigi-2019"],"_links":{"self":[{"href":"https:\/\/sporteam.zambrow.pl\/index.php?rest_route=\/wp\/v2\/posts\/2949","targetHints":{"allow":["GET"]}}],"collection":[{"href":"https:\/\/sporteam.zambrow.pl\/index.php?rest_route=\/wp\/v2\/posts"}],"about":[{"href":"https:\/\/sporteam.zambrow.pl\/index.php?rest_route=\/wp\/v2\/types\/post"}],"author":[{"embeddable":true,"href":"https:\/\/sporteam.zambrow.pl\/index.php?rest_route=\/wp\/v2\/users\/1"}],"replies":[{"embeddable":true,"href":"https:\/\/sporteam.zambrow.pl\/index.php?rest_route=%2Fwp%2Fv2%2Fcomments&post=2949"}],"version-history":[{"count":1,"href":"https:\/\/sporteam.zambrow.pl\/index.php?rest_route=\/wp\/v2\/posts\/2949\/revisions"}],"predecessor-version":[{"id":2968,"href":"https:\/\/sporteam.zambrow.pl\/index.php?rest_route=\/wp\/v2\/posts\/2949\/revisions\/2968"}],"wp:featuredmedia":[{"embeddable":true,"href":"https:\/\/sporteam.zambrow.pl\/index.php?rest_route=\/wp\/v2\/media\/2997"}],"wp:attachment":[{"href":"https:\/\/sporteam.zambrow.pl\/index.php?rest_route=%2Fwp%2Fv2%2Fmedia&parent=2949"}],"wp:term":[{"taxonomy":"category","embeddable":true,"href":"https:\/\/sporteam.zambrow.pl\/index.php?rest_route=%2Fwp%2Fv2%2Fcategories&post=2949"},{"taxonomy":"post_tag","embeddable":true,"href":"https:\/\/sporteam.zambrow.pl\/index.php?rest_route=%2Fwp%2Fv2%2Ftags&post=2949"}],"curies":[{"name":"wp","href":"https:\/\/api.w.org\/{rel}","templated":true}]}}