{"id":6203,"date":"2019-05-19T10:27:00","date_gmt":"2019-05-19T10:27:00","guid":{"rendered":"https:\/\/sporteam.zambrow.pl\/?p=6203"},"modified":"2023-04-01T10:31:42","modified_gmt":"2023-04-01T10:31:42","slug":"wyscigi-w-szumowie","status":"publish","type":"post","link":"https:\/\/sporteam.zambrow.pl\/?p=6203","title":{"rendered":"Wy\u015bcigi w Szumowie"},"content":{"rendered":"\n<p>Za nami pierwsze w tym sezonie wy\u015bcigi rowerowe &#8211; 19 maja 2019 r. \u2013 o Puchar W\u00f3jta Gminy Szumowo.<\/p>\n\n\n\n<p>Przy pi\u0119knej pogodzie (cho\u0107 wczoraj la\u0142o\u2026) i w \u015bwietnej atmosferze \u015bciga\u0142o si\u0119 99 uczestnik\u00f3w wy\u015bcigu. Zwyci\u0119zcy otrzymali ufundowane przez w\u0142adze gminy puchary i monografi\u0119 gminy Szumowo, a wszyscy uczestnicy \u2013 medale.<\/p>\n\n\n\n<p>A oto wyniki zawod\u00f3w:<\/p>\n\n\n\n<p class=\"has-text-color has-medium-font-size\" style=\"color:#2133dd\"><strong>Dzieci (oddzia\u0142y przedszkolne)<\/strong> \u2013 20 uczestnik\u00f3w<\/p>\n\n\n\n<p>Wszystkie dzieci zosta\u0142y nagrodzone medalami.<\/p>\n\n\n\n<p class=\"has-text-color has-medium-font-size\" style=\"color:#2133dd\"><strong>Uczniowie roczniki 2010-2011<\/strong> \u2013 13 uczestnik\u00f3w<\/p>\n\n\n\n<ol class=\"wp-block-list\">\n<li>Hubert Dru\u017cy\u0144ski<\/li>\n\n\n\n<li>Aleksander Kaczy\u0144ski<\/li>\n\n\n\n<li>Adrian Olszewski<\/li>\n<\/ol>\n\n\n\n<p class=\"has-text-color has-medium-font-size\" style=\"color:#2133dd\"><strong>Uczniowie roczniki 2008-2009<\/strong> \u2013 8 uczestnik\u00f3w<\/p>\n\n\n\n<ol class=\"wp-block-list\">\n<li>Jakub Sad\u0142owski<\/li>\n\n\n\n<li>Nikodem \u0141uniewski<\/li>\n\n\n\n<li>Jakub Krak\u00f3wko<\/li>\n<\/ol>\n\n\n\n<p class=\"has-text-color has-medium-font-size\" style=\"color:#2133dd\"><strong>Uczniowie roczniki 2006-2007<\/strong> \u2013 9 uczestnik\u00f3w<\/p>\n\n\n\n<ol class=\"wp-block-list\">\n<li>Fryderyk W\u0119grzyn<\/li>\n\n\n\n<li>Rafa\u0142 Grocki<\/li>\n\n\n\n<li>Dawid W\u00f3jcik<\/li>\n<\/ol>\n\n\n\n<p class=\"has-text-color has-medium-font-size\" style=\"color:#2133dd\"><strong>Uczniowie roczniki 2003-2005<\/strong> \u2013 9 uczestnik\u00f3w<\/p>\n\n\n\n<ol class=\"wp-block-list\">\n<li>Micha\u0142 \u017bochowski<\/li>\n\n\n\n<li>Kacper D\u0105browski<\/li>\n\n\n\n<li>Jakub Gwardiak<\/li>\n<\/ol>\n\n\n\n<p class=\"has-text-color has-medium-font-size\" style=\"color:#2133dd\"><strong>Kobiety<\/strong> \u2013 8 uczestniczek<\/p>\n\n\n\n<ol class=\"wp-block-list\">\n<li>Katarzyna Tab\u0119dzka<\/li>\n\n\n\n<li>Eliza Szymczuk<\/li>\n\n\n\n<li>Ma\u0142gorzata Szymczuk<\/li>\n<\/ol>\n\n\n\n<p class=\"has-text-color has-medium-font-size\" style=\"color:#2133dd\"><strong>M\u0119\u017cczy\u017ani \u2013 rowery inne ni\u017c szosowe<\/strong> \u2013 5 uczestnik\u00f3w<\/p>\n\n\n\n<ol class=\"wp-block-list\">\n<li>Marek Werpachowski<\/li>\n\n\n\n<li>Tomasz Gwardiak<\/li>\n\n\n\n<li>Tomasz Partyka<\/li>\n<\/ol>\n\n\n\n<p class=\"has-text-color has-medium-font-size\" style=\"color:#2133dd\"><strong>M\u0119\u017cczy\u017ani do 50 lat; rowery szosowe<\/strong> \u2013 16 uczestnik\u00f3w<\/p>\n\n\n\n<ol class=\"wp-block-list\">\n<li>Bart\u0142omiej Ka\u0142aska<\/li>\n\n\n\n<li>Tomasz Jarkowski<\/li>\n\n\n\n<li>Dariusz Aleksandrowicz<\/li>\n<\/ol>\n\n\n\n<p class=\"has-text-color has-medium-font-size\" style=\"color:#2133dd\"><strong>M\u0119\u017cczy\u017ani powy\u017cej 50 lat; rowery szosowe<\/strong> \u2013 11 uczestnik\u00f3w<\/p>\n\n\n\n<ol class=\"wp-block-list\">\n<li>Jerzy Kotowski<\/li>\n\n\n\n<li>Zbigniew Milewski<\/li>\n\n\n\n<li>Andrzej Bart<\/li>\n<\/ol>\n\n\n\n<p class=\"has-text-color has-medium-font-size\" style=\"color:#2133dd\">Nagrody dodatkowe dla uczestnik\u00f3w powy\u017cej 60 roku \u017cycia<\/p>\n\n\n\n<ol class=\"wp-block-list\">\n<li>Andrzej Bart<\/li>\n\n\n\n<li>Janusz Fidura<\/li>\n\n\n\n<li>Jan Rokicki<\/li>\n<\/ol>\n\n\n\n<p>Gratulujemy zwyci\u0119zcom oraz wszystkim uczestnikom!<\/p>\n","protected":false},"excerpt":{"rendered":"<p>Za nami pierwsze w tym sezonie wy\u015bcigi rowerowe &#8211; 19 maja 2019 r. \u2013 o Puchar W\u00f3jta Gminy Szumowo. Przy<\/p>\n","protected":false},"author":1,"featured_media":6250,"comment_status":"closed","ping_status":"closed","sticky":false,"template":"","format":"standard","meta":{"colormag_page_layout":"default_layout","footnotes":""},"categories":[7,17],"tags":[],"class_list":["post-6203","post","type-post","status-publish","format-standard","has-post-thumbnail","hentry","category-aktualnosci","category-wyscigi-2019"],"_links":{"self":[{"href":"https:\/\/sporteam.zambrow.pl\/index.php?rest_route=\/wp\/v2\/posts\/6203","targetHints":{"allow":["GET"]}}],"collection":[{"href":"https:\/\/sporteam.zambrow.pl\/index.php?rest_route=\/wp\/v2\/posts"}],"about":[{"href":"https:\/\/sporteam.zambrow.pl\/index.php?rest_route=\/wp\/v2\/types\/post"}],"author":[{"embeddable":true,"href":"https:\/\/sporteam.zambrow.pl\/index.php?rest_route=\/wp\/v2\/users\/1"}],"replies":[{"embeddable":true,"href":"https:\/\/sporteam.zambrow.pl\/index.php?rest_route=%2Fwp%2Fv2%2Fcomments&post=6203"}],"version-history":[{"count":1,"href":"https:\/\/sporteam.zambrow.pl\/index.php?rest_route=\/wp\/v2\/posts\/6203\/revisions"}],"predecessor-version":[{"id":6240,"href":"https:\/\/sporteam.zambrow.pl\/index.php?rest_route=\/wp\/v2\/posts\/6203\/revisions\/6240"}],"wp:featuredmedia":[{"embeddable":true,"href":"https:\/\/sporteam.zambrow.pl\/index.php?rest_route=\/wp\/v2\/media\/6250"}],"wp:attachment":[{"href":"https:\/\/sporteam.zambrow.pl\/index.php?rest_route=%2Fwp%2Fv2%2Fmedia&parent=6203"}],"wp:term":[{"taxonomy":"category","embeddable":true,"href":"https:\/\/sporteam.zambrow.pl\/index.php?rest_route=%2Fwp%2Fv2%2Fcategories&post=6203"},{"taxonomy":"post_tag","embeddable":true,"href":"https:\/\/sporteam.zambrow.pl\/index.php?rest_route=%2Fwp%2Fv2%2Ftags&post=6203"}],"curies":[{"name":"wp","href":"https:\/\/api.w.org\/{rel}","templated":true}]}}