{"id":6290,"date":"2019-05-26T10:50:00","date_gmt":"2019-05-26T10:50:00","guid":{"rendered":"https:\/\/sporteam.zambrow.pl\/?p=6290"},"modified":"2023-04-01T10:55:16","modified_gmt":"2023-04-01T10:55:16","slug":"wyscigi-w-andrzejewie","status":"publish","type":"post","link":"https:\/\/sporteam.zambrow.pl\/?p=6290","title":{"rendered":"Wy\u015bcigi w Andrzejewie"},"content":{"rendered":"\n<p>W niedziel\u0119, 26 maja 2019 roku odby\u0142y si\u0119 wy\u015bcigi kolarskie o puchar W\u00f3jta Gminy Andrzejewo. Towarzyszy\u0142y one obchodom Dnia Rodziny. W zawodach wzi\u0119\u0142o udzia\u0142 oko\u0142o 100 os\u00f3b. Poni\u017cej przedstawiamy wyniki wy\u015bcig\u00f3w.<\/p>\n\n\n\n<p class=\"has-text-color has-medium-font-size\" style=\"color:#2133dd\"><strong>Oddzia\u0142y przedszkolne<\/strong><\/p>\n\n\n\n<p>Wszystkie dzieci zosta\u0142y nagrodzone medalami.<\/p>\n\n\n\n<p class=\"has-text-color has-medium-font-size\" style=\"color:#2133dd\"><strong>Uczniowie roczniki 2009-2011<\/strong> \u2013 11 uczestnik\u00f3w<\/p>\n\n\n\n<ol class=\"wp-block-list\">\n<li>Jakub Sad\u0142owski<\/li>\n\n\n\n<li>Aleksander Kaczy\u0144ski<\/li>\n\n\n\n<li>Natalia Murawska<\/li>\n<\/ol>\n\n\n\n<p class=\"has-text-color has-medium-font-size\" style=\"color:#2133dd\"><strong>Uczniowie roczniki 2006-2008<\/strong> \u2013 19 uczestnik\u00f3w.<\/p>\n\n\n\n<ol class=\"wp-block-list\">\n<li>Rafa\u0142 Grodzki<\/li>\n\n\n\n<li>Jakub Jasko<\/li>\n\n\n\n<li>Dawid W\u00f3jcik<\/li>\n<\/ol>\n\n\n\n<p class=\"has-text-color has-medium-font-size\" style=\"color:#2133dd\"><strong>Uczniowie roczniki 2003-2005<\/strong> \u2013 8 uczestnik\u00f3w<\/p>\n\n\n\n<ol class=\"wp-block-list\">\n<li>Micha\u0142 \u017bochowski<\/li>\n\n\n\n<li>Kacper D\u0105browski<\/li>\n\n\n\n<li>Jakub Gwardiak<\/li>\n<\/ol>\n\n\n\n<p class=\"has-text-color has-medium-font-size\" style=\"color:#2133dd\"><strong>Kobiety <\/strong>\u2013 4 uczestniczki<\/p>\n\n\n\n<ol class=\"wp-block-list\">\n<li>Katarzyna Tab\u0119dzka<\/li>\n\n\n\n<li>Eliza Szymczuk<\/li>\n\n\n\n<li>Anna Gwardiak<\/li>\n<\/ol>\n\n\n\n<p class=\"has-text-color has-medium-font-size\" style=\"color:#2133dd\"><strong>M\u0119\u017cczy\u017ani \u2013 rowery inne ni\u017c szosowe<\/strong> \u2013 9 uczestnik\u00f3w<\/p>\n\n\n\n<ol class=\"wp-block-list\">\n<li>Pawe\u0142 Godlewski<\/li>\n\n\n\n<li>Marek Werpachowski<\/li>\n\n\n\n<li>Mariusz Kempisty<\/li>\n<\/ol>\n\n\n\n<p class=\"has-text-color has-medium-font-size\" style=\"color:#2133dd\"><strong>M\u0119\u017cczy\u017ani do 50 lat; rowery szosowe<\/strong> \u2013 11 uczestnik\u00f3w<\/p>\n\n\n\n<ol class=\"wp-block-list\">\n<li>Micha\u0142 Bachmura<\/li>\n\n\n\n<li>Rados\u0142aw Zar\u0119ba<\/li>\n\n\n\n<li>Grzegorz Mierzwi\u0144ski<\/li>\n<\/ol>\n\n\n\n<p class=\"has-text-color has-medium-font-size\" style=\"color:#2133dd\"><strong>M\u0119\u017cczy\u017ani powy\u017cej 50 lat; rowery szosowe<\/strong> \u2013 14 uczestnik\u00f3w<\/p>\n\n\n\n<ol class=\"wp-block-list\">\n<li>Jerzy \u0141\u0119towski<\/li>\n\n\n\n<li>Zbigniew Milewski<\/li>\n\n\n\n<li>Leszek Skonieczny<\/li>\n<\/ol>\n\n\n\n<p><br>Zawodnicy otrzymali pami\u0105tkowe puchary z r\u0105k Beaty Ponichtera \u2013 W\u00f3jta Gminy Andrzejewo oraz zaproszonych go\u015bci \u2013 ks. dr Jerzego Kruszewskiego \u2013 Proboszcza Parafii Andrzejewo, Justyny Kazimierczuk \u2013 Przewodnicz\u0105cej Rady Gminy Andrzejewo oraz Roberta Rosiaka \u2013 Sekretarza Gminy Andrzejewo.<\/p>\n\n\n\n<p>Zwyci\u0119zcom serdecznie gratulujemy!<\/p>\n","protected":false},"excerpt":{"rendered":"<p>W niedziel\u0119, 26 maja 2019 roku odby\u0142y si\u0119 wy\u015bcigi kolarskie o puchar W\u00f3jta Gminy Andrzejewo. Towarzyszy\u0142y one obchodom Dnia Rodziny.<\/p>\n","protected":false},"author":1,"featured_media":6301,"comment_status":"closed","ping_status":"closed","sticky":false,"template":"","format":"standard","meta":{"colormag_page_layout":"default_layout","footnotes":""},"categories":[7,17],"tags":[],"class_list":["post-6290","post","type-post","status-publish","format-standard","has-post-thumbnail","hentry","category-aktualnosci","category-wyscigi-2019"],"_links":{"self":[{"href":"https:\/\/sporteam.zambrow.pl\/index.php?rest_route=\/wp\/v2\/posts\/6290","targetHints":{"allow":["GET"]}}],"collection":[{"href":"https:\/\/sporteam.zambrow.pl\/index.php?rest_route=\/wp\/v2\/posts"}],"about":[{"href":"https:\/\/sporteam.zambrow.pl\/index.php?rest_route=\/wp\/v2\/types\/post"}],"author":[{"embeddable":true,"href":"https:\/\/sporteam.zambrow.pl\/index.php?rest_route=\/wp\/v2\/users\/1"}],"replies":[{"embeddable":true,"href":"https:\/\/sporteam.zambrow.pl\/index.php?rest_route=%2Fwp%2Fv2%2Fcomments&post=6290"}],"version-history":[{"count":2,"href":"https:\/\/sporteam.zambrow.pl\/index.php?rest_route=\/wp\/v2\/posts\/6290\/revisions"}],"predecessor-version":[{"id":6312,"href":"https:\/\/sporteam.zambrow.pl\/index.php?rest_route=\/wp\/v2\/posts\/6290\/revisions\/6312"}],"wp:featuredmedia":[{"embeddable":true,"href":"https:\/\/sporteam.zambrow.pl\/index.php?rest_route=\/wp\/v2\/media\/6301"}],"wp:attachment":[{"href":"https:\/\/sporteam.zambrow.pl\/index.php?rest_route=%2Fwp%2Fv2%2Fmedia&parent=6290"}],"wp:term":[{"taxonomy":"category","embeddable":true,"href":"https:\/\/sporteam.zambrow.pl\/index.php?rest_route=%2Fwp%2Fv2%2Fcategories&post=6290"},{"taxonomy":"post_tag","embeddable":true,"href":"https:\/\/sporteam.zambrow.pl\/index.php?rest_route=%2Fwp%2Fv2%2Ftags&post=6290"}],"curies":[{"name":"wp","href":"https:\/\/api.w.org\/{rel}","templated":true}]}}